{"id":22,"__str__":"Resposta - POL\u00cdCIA FEDERAL de 20/03/2018 por DELEGACIA DE POL\u00cdCIA FEDERAL EM SANTOS/SP","link_detail_backend":"/materia/documentoacessorio/22","metadata":{},"nome":"POL\u00cdCIA FEDERAL","data":"2018-03-20","autor":"DELEGACIA DE POL\u00cdCIA FEDERAL EM SANTOS/SP","ementa":"Em aten\u00e7\u00e3o ao Of\u00edcio GPC-SG n\u00b0 044/2018, o qual solicita resposta ao Requerimento n\u00ba 14/18, de autoria do Vereador DIMAS ANTONIO GON\u00c7ALVES, informo a Vossa Excel\u00eancia que, com a promulga\u00e7\u00e3o da Lei n\u00b0 13.445, de 24 (vinte e quatro) de maio de 2017- (nova Lei de Migra\u00e7\u00e3o), houve a altera\u00e7\u00e3o do marco regulat\u00f3rio da situa\u00e7\u00e3o jur\u00eddica do estrangeiro no Brasil.","indexacao":"","arquivo":"http://sapl.praiagrande.sp.leg.br/media/sapl/public/documentoacessorio/2018/22/r_014_18_o.pdf","data_ultima_atualizacao":"2019-03-12T11:14:37.311615-03:00","materia":409,"tipo":10}