{"id":456,"__str__":"Resposta - Poder Executivo de 17/04/2019 por Prefeito Municipal","link_detail_backend":"/materia/documentoacessorio/456","metadata":{},"nome":"Poder Executivo","data":"2019-04-17","autor":"Prefeito Municipal","ementa":"Em aten\u00e7\u00e3o aos questionamentos feitos por meio do REQUERIMENTO\r\nN\u00ae 62/19, de autoria da nobre vereadora JANAINA BALLARIS, referentes ao\r\ntransporte de mun\u00edcipes assistidos pelo Centro Municipal S\u00f3cio\r\nTerap\u00eautico Ant\u00f4nio Tavares de Santana, seguem abaixo, conforme\r\nmanifesta\u00e7\u00e3o da Se\u00e7\u00e3o de Transporte da Secretaria de Educa\u00e7\u00e3o (Seduc), as\r\nrespectivas respostas...","indexacao":"","arquivo":"http://sapl.praiagrande.sp.leg.br/media/sapl/public/documentoacessorio/2019/456/0062rr-19.pdf","data_ultima_atualizacao":"2019-04-17T14:28:12.795850-03:00","materia":628,"tipo":10}