{"id":23035,"__str__":"Requerimento n\u00ba 73 de 2023","link_detail_backend":"/materia/23035","metadata":{},"numero":73,"ano":2023,"numero_protocolo":null,"data_apresentacao":"2023-03-15","tipo_apresentacao":"","data_publicacao":null,"numero_origem_externa":"","ano_origem_externa":null,"data_origem_externa":null,"apelido":"","dias_prazo":null,"data_fim_prazo":null,"em_tramitacao":true,"polemica":false,"objeto":"","complementar":false,"ementa":"Diante do exposto, respeitada todas as formalidades regimentais, requeiro \u00e0 mesa, que seja enviado of\u00edcio \u00e0 Sra. Prefeita Raquel Chini, para que respondam os seguintes questionamentos acerca da possibilidade de ampliar o atendimento aos autistas.","indexacao":"","observacao":"Subscrito pelos vereadores Marcos C\u00e2mara, Michele Quintas, Emerson Camargo, Rodrigo Penasso, Marcelino Gomes, Paulo Monteiro e M\u00e1rcio Glauber Vicente.\r\nCOM ADENDO","resultado":"","texto_original":"http://sapl.praiagrande.sp.leg.br/media/sapl/public/materialegislativa/2023/23035/20230314-152158requerimento_-_ampliacao_atendimento_autistas.pdf","data_ultima_atualizacao":"2023-03-23T17:04:29.473515-03:00","ip":"187.93.46.162","ultima_edicao":"2023-03-23T17:04:29.306903-03:00","tipo":2,"regime_tramitacao":1,"tipo_origem_externa":null,"local_origem_externa":null,"user":84,"anexadas":[],"autores":[152]}