{"id":24068,"__str__":"Requerimento n\u00ba 161 de 2023","link_detail_backend":"/materia/24068","metadata":{},"numero":161,"ano":2023,"numero_protocolo":null,"data_apresentacao":"2023-04-19","tipo_apresentacao":"","data_publicacao":null,"numero_origem_externa":"","ano_origem_externa":null,"data_origem_externa":null,"apelido":"","dias_prazo":null,"data_fim_prazo":null,"em_tramitacao":true,"polemica":false,"objeto":"","complementar":false,"ementa":"Manuten\u00e7\u00e3o/Troca Ponto de \u00d4nibus de Praia Grande\r\nN\u00e3o \u00e9 de hoje nossa cidade passa por s\u00e9rios problemas de mobilidade urbana. Come\u00e7ando pelos pontos de \u00f4nibus que s\u00e3o equipamentos prec\u00e1rios, sem conforto, sem seguran\u00e7a, enfim, sem nenhuma qualidade. Me parece que isso faz parte de uma cultura hist\u00f3rica em nosso pa\u00eds de associar o transporte coletivo \u2013 o \u00f4nibus, especialmente \u2013 \u00e0s classes pobres. Se ricos e classe m\u00e9dia andam de carro particular, para qu\u00ea investir em pontos de \u00f4nibus?","indexacao":"","observacao":"Subscrito pelos vereadores M\u00e1rcio Glauber, Marcelino Gomes, Vera Ben\u00edcio, Michele Quintas e Roberto Andrade.","resultado":"","texto_original":"http://sapl.praiagrande.sp.leg.br/media/sapl/public/materialegislativa/2023/24068/ponto_de_onibus_impressao.pdf","data_ultima_atualizacao":"2023-04-28T11:01:02.733942-03:00","ip":"200.205.54.170","ultima_edicao":"2023-04-19T13:41:31.701553-03:00","tipo":2,"regime_tramitacao":1,"tipo_origem_externa":null,"local_origem_externa":null,"user":42,"anexadas":[],"autores":[157]}