{"id":2507,"__str__":"Projeto de Lei n\u00ba 34 de 2019","link_detail_backend":"/materia/2507","metadata":{},"numero":34,"ano":2019,"numero_protocolo":null,"data_apresentacao":"2019-05-21","tipo_apresentacao":"E","data_publicacao":null,"numero_origem_externa":"","ano_origem_externa":null,"data_origem_externa":null,"apelido":"","dias_prazo":null,"data_fim_prazo":null,"em_tramitacao":true,"polemica":null,"objeto":"","complementar":null,"ementa":"Institui e inclui no Calend\u00e1rio Oficial do munic\u00edpio de Praia Grande a Semana Estudos e Conscientiza\u00e7\u00e3o  sobre a Poliomielite.","indexacao":"","observacao":"","resultado":"","texto_original":"http://sapl.praiagrande.sp.leg.br/media/sapl/public/materialegislativa/2019/2507/projeto_de_lei_no_34-2019.pdf","data_ultima_atualizacao":"2019-05-22T15:05:11.414640-03:00","ip":"","ultima_edicao":null,"tipo":4,"regime_tramitacao":1,"tipo_origem_externa":null,"local_origem_externa":null,"user":null,"anexadas":[],"autores":[16]}