{"id":26930,"__str__":"Requerimento n\u00ba 347 de 2023","link_detail_backend":"/materia/26930","metadata":{},"numero":347,"ano":2023,"numero_protocolo":null,"data_apresentacao":"2023-09-19","tipo_apresentacao":"","data_publicacao":null,"numero_origem_externa":"","ano_origem_externa":null,"data_origem_externa":null,"apelido":"","dias_prazo":null,"data_fim_prazo":null,"em_tramitacao":false,"polemica":false,"objeto":"","complementar":false,"ementa":"Nosso REQUERIMENTO tem a finalidade de refor\u00e7ar outras proposituras feitas. Como cidad\u00e3os preocupados com a seguran\u00e7a de nossa comunidade e dos in\u00fameros turistas que visitam Praia Grande, expressamos nossa profunda preocupa\u00e7\u00e3o com a atual situa\u00e7\u00e3o envolvendo animais, especificamente cachorros, soltos nas vias p\u00fablicas, desprovidos de coleiras ou focinheiras.\r\n\r\n\u00c9 com grande pesar que relatamos que esta n\u00e3o \u00e9 a primeira vez que essa quest\u00e3o \u00e9 levantada. N\u00f3s apresentamos duas propostas anteriormente, a Indica\u00e7\u00e3o n\u00ba 4762/2022 e o Requerimento n\u00ba 265/2023, com o intuito de chamar a aten\u00e7\u00e3o das autoridades competentes para a urg\u00eancia desse problema em nossa cidade. Contudo, mesmo com nossos esfor\u00e7os anteriores, ocorreu mais um incidente lament\u00e1vel neste \u00faltimo final de semana, no qual um cachorro de grande porte, da ra\u00e7a pit bull, encontrava-se solto na rua, atacando violentamente outro animal na orla da praia e levando risco a popula\u00e7\u00e3o, principalmente a crian\u00e7as e idosos.","indexacao":"","observacao":"Subscrito pelos vereadores Marcos C\u00e2mara, Whelliton Silva, Carlos Eduardo Barbosa, R\u00f4mulo Brasil, Michele Quintas, Vera Ben\u00edcio e Marcelino Gomes.","resultado":"","texto_original":"http://sapl.praiagrande.sp.leg.br/media/sapl/public/materialegislativa/2023/26930/19.09.2023_requerimento_-__ataque_de_cao_sem_coleira_impressao.pdf","data_ultima_atualizacao":"2023-09-20T15:04:12.919007-03:00","ip":"200.205.54.170","ultima_edicao":"2023-09-19T14:39:41.842393-03:00","tipo":2,"regime_tramitacao":1,"tipo_origem_externa":null,"local_origem_externa":null,"user":42,"anexadas":[],"autores":[146]}