{"id":27990,"__str__":"Indica\u00e7\u00f5es n\u00ba 5870 de 2023","link_detail_backend":"/materia/27990","metadata":{},"numero":5870,"ano":2023,"numero_protocolo":null,"data_apresentacao":"2023-10-31","tipo_apresentacao":"","data_publicacao":null,"numero_origem_externa":"","ano_origem_externa":null,"data_origem_externa":null,"apelido":"","dias_prazo":null,"data_fim_prazo":null,"em_tramitacao":true,"polemica":false,"objeto":"","complementar":false,"ementa":"Indica a instala\u00e7\u00e3o de grades de conten\u00e7\u00e3o na cal\u00e7ada entorno da escola E.M. S\u00e9rgio Dias de Freitas, localizada na Rua Rua Turmalina, n\u00ba 25, Bairro Cidade das Crian\u00e7as.","indexacao":"","observacao":"","resultado":"","texto_original":"http://sapl.praiagrande.sp.leg.br/media/sapl/public/materialegislativa/2023/27990/indicacao_no_.2023_-_grade_de_contencao_e.m._sergio_dias_de_freitas_31.10.23_impressao.pdf","data_ultima_atualizacao":"2023-10-31T17:04:49.172683-03:00","ip":"","ultima_edicao":null,"tipo":1,"regime_tramitacao":1,"tipo_origem_externa":null,"local_origem_externa":null,"user":null,"anexadas":[],"autores":[2]}