{"id":3614,"__str__":"Requerimento n\u00ba 308 de 2019","link_detail_backend":"/materia/3614","metadata":{},"numero":308,"ano":2019,"numero_protocolo":null,"data_apresentacao":"2019-09-17","tipo_apresentacao":"E","data_publicacao":"2019-09-19","numero_origem_externa":"","ano_origem_externa":null,"data_origem_externa":null,"apelido":"","dias_prazo":null,"data_fim_prazo":null,"em_tramitacao":true,"polemica":false,"objeto":"","complementar":false,"ementa":"REQUEIRO \u00e0 Mesa Diretora desta Casa, seja\r\nconvocada Audi\u00eancia P\u00fablica, em data a ser definida, \u00e0s 19:00 horas, no Plen\u00e1rio desta\r\nCasa de Leis, a fim de discutir as necessidades e possibilidades na implanta\u00e7\u00e3o do Plano\r\nde Carreira para os funcion\u00e1rios p\u00fablicos de Praia Grande.","indexacao":"","observacao":"","resultado":"","texto_original":"http://sapl.praiagrande.sp.leg.br/media/sapl/public/materialegislativa/2019/3614/0308r-19.pdf","data_ultima_atualizacao":"2019-09-19T15:55:27.726994-03:00","ip":"200.159.36.67","ultima_edicao":null,"tipo":2,"regime_tramitacao":1,"tipo_origem_externa":null,"local_origem_externa":null,"user":11,"anexadas":[],"autores":[9]}