{"id":4078,"__str__":"Indica\u00e7\u00f5es n\u00ba 2473 de 2019","link_detail_backend":"/materia/4078","metadata":{},"numero":2473,"ano":2019,"numero_protocolo":null,"data_apresentacao":"2019-10-15","tipo_apresentacao":"E","data_publicacao":"2019-10-16","numero_origem_externa":"","ano_origem_externa":null,"data_origem_externa":null,"apelido":"","dias_prazo":null,"data_fim_prazo":null,"em_tramitacao":true,"polemica":false,"objeto":"","complementar":false,"ementa":"No \u00faltimo domingo, no Vaticano, o papa Francisco proclamou Irm\u00e3 Dulce Santa.\r\nEla foi reconhecida por suas obras de caridade e de assist\u00eancia aos pobres e\r\nnecessitados, al\u00e9m, \u00e9 claro, dos milagres que realizou. \u00c9 chamada a partir de\r\nagora de Santa Dulce dos Pobres. Nascida em Salvador em 26 de maio de 1914\r\ne falecida em 22 de maio de 1992, tinha sido beatificada em 2011. E desde ent\u00e3o\r\nj\u00e1 recebia homenagens Brasil afora. O hospital municipal de nossa cidade j\u00e1 leva\r\no nome dela. E agora, diante desta beatifica\u00e7\u00e3o, indico ao senhor prefeito e do\r\nhospital que o nome passe de hospital irm\u00e3 Dulce para Hospital Municipal\r\nSanta Dulce.","indexacao":"","observacao":"","resultado":"","texto_original":"http://sapl.praiagrande.sp.leg.br/media/sapl/public/materialegislativa/2019/4078/2473i-19.pdf","data_ultima_atualizacao":"2019-10-16T17:10:08.786937-03:00","ip":"200.159.36.67","ultima_edicao":null,"tipo":1,"regime_tramitacao":1,"tipo_origem_externa":null,"local_origem_externa":null,"user":11,"anexadas":[],"autores":[18]}